{"id":30782,"date":"2025-10-21T15:12:31","date_gmt":"2025-10-21T12:12:31","guid":{"rendered":"https:\/\/pel-tuote.fi\/?p=30782"},"modified":"2025-11-04T11:39:25","modified_gmt":"2025-11-04T08:39:25","slug":"treffen-sie-kivi-pekka-und-tume-auf-der-agritechnica-2025","status":"publish","type":"post","link":"https:\/\/pel-tuote.fi\/de\/treffen-sie-kivi-pekka-und-tume-auf-der-agritechnica-2025\/","title":{"rendered":"Treffen Sie Kivi-Pekka und Tume auf der Agritechnica 2025!"},"content":{"rendered":"\n<p>Wir freuen uns, bekannt zu geben, dass <strong>PEL-Tuote Oy<\/strong> auf der <strong>Agritechnica 2025<\/strong> ausstellen wird \u2013 der weltweit f\u00fchrenden Fachmesse f\u00fcr Landtechnik.<br>Die Messe findet vom <strong>9. bis 15. November 2025<\/strong> in <strong>Hannover, Deutschland<\/strong> statt.<\/p>\n\n\n\n<p>Sie finden uns in <strong>Halle 12, Stand C57\u2013B58<\/strong>, wo wir stolz unsere neuesten Innovationen in den Bereichen <strong>Steinsammler<\/strong> und <strong>Bodenbearbeitung<\/strong> pr\u00e4sentieren.<\/p>\n\n\n\n<h3 class=\"wp-block-heading\"><strong>Entdecken Sie finnische Ingenieurskunst<\/strong><\/h3>\n\n\n\n<p>An unserem Stand k\u00f6nnen Besucher die Effizienz und Langlebigkeit der <strong>Kivi-Pekka Steinsammler<\/strong> erleben \u2013 entwickelt f\u00fcr h\u00e4rteste Einsatzbedingungen und gesch\u00e4tzt von Landwirten auf der ganzen Welt.<\/p>\n\n\n\n<p>Au\u00dferdem zeigen wir <strong>Tume Grubber und S\u00e4maschinen<\/strong>, die jahrzehntelange Erfahrung in Bodenbearbeitung und S\u00e4technik vereinen \u2013 zuverl\u00e4ssig, pr\u00e4zise und leistungsstark, um den Anforderungen der modernen Landwirtschaft gerecht zu werden.<\/p>\n\n\n\n<h3 class=\"wp-block-heading\"><strong>Besuchen Sie uns in Hannover<\/strong><\/h3>\n\n\n\n<p>Wir laden alle H\u00e4ndler, Landwirte und Partner herzlich ein, unseren Stand zu besuchen, unser Team kennenzulernen und unsere Maschinen aus n\u00e4chster N\u00e4he zu erleben.<br>Entdecken Sie die Kraft finnischer Landtechnik und erfahren Sie, wie <strong>Kivi-Pekka<\/strong> und <strong>Tume<\/strong> Ihren landwirtschaftlichen Erfolg unterst\u00fctzen k\u00f6nnen.<\/p>\n\n\n\n<p><strong>\ud83d\udccd Halle 12 | Stand C57\u2013B58<\/strong><br><strong>\ud83d\udcc5 9.\u201315. November 2025 | Hannover, Deutschland<\/strong><\/p>\n\n\n\n<p>Wir freuen uns auf Ihren Besuch bei der <strong>Agritechnica 2025!<\/strong><\/p>\n\n\n\n<p><\/p>\n","protected":false},"excerpt":{"rendered":"<p>Wir freuen uns, bekannt zu geben, dass PEL-Tuote Oy auf der Agritechnica 2025 ausstellen wird \u2013 der weltweit f\u00fchrenden Fachmesse f\u00fcr Landtechnik.Die Messe findet vom 9. bis 15. November 2025 [&hellip;]<\/p>\n","protected":false},"author":1,"featured_media":30886,"comment_status":"open","ping_status":"closed","sticky":false,"template":"","format":"standard","meta":{"_eb_attr":"","footnotes":""},"categories":[14],"tags":[127,122,151,150],"class_list":["post-30782","post","type-post","status-publish","format-standard","has-post-thumbnail","hentry","category-unkategorisiert","tag-agri-fair-de","tag-agriculture-de","tag-agritechnica-2","tag-hanover","wpbf-post"],"yoast_head":"<!-- This site is optimized with the Yoast SEO plugin v27.5 - https:\/\/yoast.com\/product\/yoast-seo-wordpress\/ -->\n<title>Treffen Sie Kivi-Pekka und Tume auf der Agritechnica 2025! - PEL-tuote<\/title>\n<meta name=\"description\" content=\"Treffen Sie Kivi-Pekka und Tume auf der Agritechnica 2025!\" \/>\n<meta name=\"robots\" content=\"index, follow, max-snippet:-1, max-image-preview:large, max-video-preview:-1\" \/>\n<link rel=\"canonical\" href=\"https:\/\/pel-tuote.fi\/de\/treffen-sie-kivi-pekka-und-tume-auf-der-agritechnica-2025\/\" \/>\n<meta property=\"og:locale\" content=\"de_DE\" \/>\n<meta property=\"og:type\" content=\"article\" \/>\n<meta property=\"og:title\" content=\"Treffen Sie Kivi-Pekka und Tume auf der Agritechnica 2025! - PEL-tuote\" \/>\n<meta property=\"og:description\" content=\"Treffen Sie Kivi-Pekka und Tume auf der Agritechnica 2025!\" \/>\n<meta property=\"og:url\" content=\"https:\/\/pel-tuote.fi\/de\/treffen-sie-kivi-pekka-und-tume-auf-der-agritechnica-2025\/\" \/>\n<meta property=\"og:site_name\" content=\"PEL-tuote\" \/>\n<meta property=\"article:publisher\" content=\"https:\/\/www.facebook.com\/peltuote\" \/>\n<meta property=\"article:published_time\" content=\"2025-10-21T12:12:31+00:00\" \/>\n<meta property=\"article:modified_time\" content=\"2025-11-04T08:39:25+00:00\" \/>\n<meta property=\"og:image\" content=\"https:\/\/pel-tuote.fi\/wp-content\/uploads\/2020\/01\/424x159-px-AgriExpo-fair-2025.jpg\" \/>\n\t<meta property=\"og:image:width\" content=\"1767\" \/>\n\t<meta property=\"og:image:height\" content=\"663\" \/>\n\t<meta property=\"og:image:type\" content=\"image\/jpeg\" \/>\n<meta name=\"author\" content=\"admin\" \/>\n<meta name=\"twitter:card\" content=\"summary_large_image\" \/>\n<meta name=\"twitter:label1\" content=\"Verfasst von\" \/>\n\t<meta name=\"twitter:data1\" content=\"admin\" \/>\n\t<meta name=\"twitter:label2\" content=\"Gesch\u00e4tzte Lesezeit\" \/>\n\t<meta name=\"twitter:data2\" content=\"2\u00a0Minuten\" \/>\n<script type=\"application\/ld+json\" class=\"yoast-schema-graph\">{\"@context\":\"https:\\\/\\\/schema.org\",\"@graph\":[{\"@type\":\"Article\",\"@id\":\"https:\\\/\\\/pel-tuote.fi\\\/de\\\/treffen-sie-kivi-pekka-und-tume-auf-der-agritechnica-2025\\\/#article\",\"isPartOf\":{\"@id\":\"https:\\\/\\\/pel-tuote.fi\\\/de\\\/treffen-sie-kivi-pekka-und-tume-auf-der-agritechnica-2025\\\/\"},\"author\":{\"name\":\"admin\",\"@id\":\"https:\\\/\\\/pel-tuote.fi\\\/de\\\/#\\\/schema\\\/person\\\/8c441844b64e88c988b5c6d6544fcd94\"},\"headline\":\"Treffen Sie Kivi-Pekka und Tume auf der Agritechnica 2025!\",\"datePublished\":\"2025-10-21T12:12:31+00:00\",\"dateModified\":\"2025-11-04T08:39:25+00:00\",\"mainEntityOfPage\":{\"@id\":\"https:\\\/\\\/pel-tuote.fi\\\/de\\\/treffen-sie-kivi-pekka-und-tume-auf-der-agritechnica-2025\\\/\"},\"wordCount\":196,\"commentCount\":0,\"publisher\":{\"@id\":\"https:\\\/\\\/pel-tuote.fi\\\/de\\\/#organization\"},\"image\":{\"@id\":\"https:\\\/\\\/pel-tuote.fi\\\/de\\\/treffen-sie-kivi-pekka-und-tume-auf-der-agritechnica-2025\\\/#primaryimage\"},\"thumbnailUrl\":\"https:\\\/\\\/pel-tuote.fi\\\/wp-content\\\/uploads\\\/2020\\\/01\\\/424x159-px-AgriExpo-fair-2025.jpg\",\"keywords\":[\"agri fair\",\"agriculture\",\"agritechnica\",\"hanover\"],\"articleSection\":[\"Unkategorisiert\"],\"inLanguage\":\"de\",\"potentialAction\":[{\"@type\":\"CommentAction\",\"name\":\"Comment\",\"target\":[\"https:\\\/\\\/pel-tuote.fi\\\/de\\\/treffen-sie-kivi-pekka-und-tume-auf-der-agritechnica-2025\\\/#respond\"]}]},{\"@type\":\"WebPage\",\"@id\":\"https:\\\/\\\/pel-tuote.fi\\\/de\\\/treffen-sie-kivi-pekka-und-tume-auf-der-agritechnica-2025\\\/\",\"url\":\"https:\\\/\\\/pel-tuote.fi\\\/de\\\/treffen-sie-kivi-pekka-und-tume-auf-der-agritechnica-2025\\\/\",\"name\":\"Treffen Sie Kivi-Pekka und Tume auf der Agritechnica 2025! - PEL-tuote\",\"isPartOf\":{\"@id\":\"https:\\\/\\\/pel-tuote.fi\\\/de\\\/#website\"},\"primaryImageOfPage\":{\"@id\":\"https:\\\/\\\/pel-tuote.fi\\\/de\\\/treffen-sie-kivi-pekka-und-tume-auf-der-agritechnica-2025\\\/#primaryimage\"},\"image\":{\"@id\":\"https:\\\/\\\/pel-tuote.fi\\\/de\\\/treffen-sie-kivi-pekka-und-tume-auf-der-agritechnica-2025\\\/#primaryimage\"},\"thumbnailUrl\":\"https:\\\/\\\/pel-tuote.fi\\\/wp-content\\\/uploads\\\/2020\\\/01\\\/424x159-px-AgriExpo-fair-2025.jpg\",\"datePublished\":\"2025-10-21T12:12:31+00:00\",\"dateModified\":\"2025-11-04T08:39:25+00:00\",\"description\":\"Treffen Sie Kivi-Pekka und Tume auf der Agritechnica 2025!\",\"inLanguage\":\"de\",\"potentialAction\":[{\"@type\":\"ReadAction\",\"target\":[\"https:\\\/\\\/pel-tuote.fi\\\/de\\\/treffen-sie-kivi-pekka-und-tume-auf-der-agritechnica-2025\\\/\"]}]},{\"@type\":\"ImageObject\",\"inLanguage\":\"de\",\"@id\":\"https:\\\/\\\/pel-tuote.fi\\\/de\\\/treffen-sie-kivi-pekka-und-tume-auf-der-agritechnica-2025\\\/#primaryimage\",\"url\":\"https:\\\/\\\/pel-tuote.fi\\\/wp-content\\\/uploads\\\/2020\\\/01\\\/424x159-px-AgriExpo-fair-2025.jpg\",\"contentUrl\":\"https:\\\/\\\/pel-tuote.fi\\\/wp-content\\\/uploads\\\/2020\\\/01\\\/424x159-px-AgriExpo-fair-2025.jpg\",\"width\":1767,\"height\":663},{\"@type\":\"WebSite\",\"@id\":\"https:\\\/\\\/pel-tuote.fi\\\/de\\\/#website\",\"url\":\"https:\\\/\\\/pel-tuote.fi\\\/de\\\/\",\"name\":\"PEL-tuote\",\"description\":\"Suomalaista osaamista Suomen kivisimmilt\u00e4 pelloilta\",\"publisher\":{\"@id\":\"https:\\\/\\\/pel-tuote.fi\\\/de\\\/#organization\"},\"potentialAction\":[{\"@type\":\"SearchAction\",\"target\":{\"@type\":\"EntryPoint\",\"urlTemplate\":\"https:\\\/\\\/pel-tuote.fi\\\/de\\\/?s={search_term_string}\"},\"query-input\":{\"@type\":\"PropertyValueSpecification\",\"valueRequired\":true,\"valueName\":\"search_term_string\"}}],\"inLanguage\":\"de\"},{\"@type\":\"Organization\",\"@id\":\"https:\\\/\\\/pel-tuote.fi\\\/de\\\/#organization\",\"name\":\"PEL-tuote\",\"url\":\"https:\\\/\\\/pel-tuote.fi\\\/de\\\/\",\"logo\":{\"@type\":\"ImageObject\",\"inLanguage\":\"de\",\"@id\":\"https:\\\/\\\/pel-tuote.fi\\\/de\\\/#\\\/schema\\\/logo\\\/image\\\/\",\"url\":\"https:\\\/\\\/pel-tuote.fi\\\/wp-content\\\/uploads\\\/2019\\\/12\\\/cropped-nelio\u0308pel-1.jpg\",\"contentUrl\":\"https:\\\/\\\/pel-tuote.fi\\\/wp-content\\\/uploads\\\/2019\\\/12\\\/cropped-nelio\u0308pel-1.jpg\",\"width\":649,\"height\":383,\"caption\":\"PEL-tuote\"},\"image\":{\"@id\":\"https:\\\/\\\/pel-tuote.fi\\\/de\\\/#\\\/schema\\\/logo\\\/image\\\/\"},\"sameAs\":[\"https:\\\/\\\/www.facebook.com\\\/peltuote\",\"https:\\\/\\\/www.instagram.com\\\/peltuote\\\/\",\"https:\\\/\\\/www.linkedin.com\\\/company\\\/12660711\\\/admin\\\/\",\"https:\\\/\\\/www.youtube.com\\\/user\\\/PelTuote\",\"https:\\\/\\\/fi.wikipedia.org\\\/wiki\\\/Kivenker\u00e4yskone\"]},{\"@type\":\"Person\",\"@id\":\"https:\\\/\\\/pel-tuote.fi\\\/de\\\/#\\\/schema\\\/person\\\/8c441844b64e88c988b5c6d6544fcd94\",\"name\":\"admin\",\"image\":{\"@type\":\"ImageObject\",\"inLanguage\":\"de\",\"@id\":\"https:\\\/\\\/secure.gravatar.com\\\/avatar\\\/c552d719ee23b7cef8797cd118fe48cbd3145ad5a60b8daa6875e3893dc880c3?s=96&d=mm&r=g\",\"url\":\"https:\\\/\\\/secure.gravatar.com\\\/avatar\\\/c552d719ee23b7cef8797cd118fe48cbd3145ad5a60b8daa6875e3893dc880c3?s=96&d=mm&r=g\",\"contentUrl\":\"https:\\\/\\\/secure.gravatar.com\\\/avatar\\\/c552d719ee23b7cef8797cd118fe48cbd3145ad5a60b8daa6875e3893dc880c3?s=96&d=mm&r=g\",\"caption\":\"admin\"},\"url\":\"https:\\\/\\\/pel-tuote.fi\\\/de\\\/author\\\/peltuo_admin\\\/\"}]}<\/script>\n<!-- \/ Yoast SEO plugin. -->","yoast_head_json":{"title":"Treffen Sie Kivi-Pekka und Tume auf der Agritechnica 2025! - PEL-tuote","description":"Treffen Sie Kivi-Pekka und Tume auf der Agritechnica 2025!","robots":{"index":"index","follow":"follow","max-snippet":"max-snippet:-1","max-image-preview":"max-image-preview:large","max-video-preview":"max-video-preview:-1"},"canonical":"https:\/\/pel-tuote.fi\/de\/treffen-sie-kivi-pekka-und-tume-auf-der-agritechnica-2025\/","og_locale":"de_DE","og_type":"article","og_title":"Treffen Sie Kivi-Pekka und Tume auf der Agritechnica 2025! - PEL-tuote","og_description":"Treffen Sie Kivi-Pekka und Tume auf der Agritechnica 2025!","og_url":"https:\/\/pel-tuote.fi\/de\/treffen-sie-kivi-pekka-und-tume-auf-der-agritechnica-2025\/","og_site_name":"PEL-tuote","article_publisher":"https:\/\/www.facebook.com\/peltuote","article_published_time":"2025-10-21T12:12:31+00:00","article_modified_time":"2025-11-04T08:39:25+00:00","og_image":[{"width":1767,"height":663,"url":"https:\/\/pel-tuote.fi\/wp-content\/uploads\/2020\/01\/424x159-px-AgriExpo-fair-2025.jpg","type":"image\/jpeg"}],"author":"admin","twitter_card":"summary_large_image","twitter_misc":{"Verfasst von":"admin","Gesch\u00e4tzte Lesezeit":"2\u00a0Minuten"},"schema":{"@context":"https:\/\/schema.org","@graph":[{"@type":"Article","@id":"https:\/\/pel-tuote.fi\/de\/treffen-sie-kivi-pekka-und-tume-auf-der-agritechnica-2025\/#article","isPartOf":{"@id":"https:\/\/pel-tuote.fi\/de\/treffen-sie-kivi-pekka-und-tume-auf-der-agritechnica-2025\/"},"author":{"name":"admin","@id":"https:\/\/pel-tuote.fi\/de\/#\/schema\/person\/8c441844b64e88c988b5c6d6544fcd94"},"headline":"Treffen Sie Kivi-Pekka und Tume auf der Agritechnica 2025!","datePublished":"2025-10-21T12:12:31+00:00","dateModified":"2025-11-04T08:39:25+00:00","mainEntityOfPage":{"@id":"https:\/\/pel-tuote.fi\/de\/treffen-sie-kivi-pekka-und-tume-auf-der-agritechnica-2025\/"},"wordCount":196,"commentCount":0,"publisher":{"@id":"https:\/\/pel-tuote.fi\/de\/#organization"},"image":{"@id":"https:\/\/pel-tuote.fi\/de\/treffen-sie-kivi-pekka-und-tume-auf-der-agritechnica-2025\/#primaryimage"},"thumbnailUrl":"https:\/\/pel-tuote.fi\/wp-content\/uploads\/2020\/01\/424x159-px-AgriExpo-fair-2025.jpg","keywords":["agri fair","agriculture","agritechnica","hanover"],"articleSection":["Unkategorisiert"],"inLanguage":"de","potentialAction":[{"@type":"CommentAction","name":"Comment","target":["https:\/\/pel-tuote.fi\/de\/treffen-sie-kivi-pekka-und-tume-auf-der-agritechnica-2025\/#respond"]}]},{"@type":"WebPage","@id":"https:\/\/pel-tuote.fi\/de\/treffen-sie-kivi-pekka-und-tume-auf-der-agritechnica-2025\/","url":"https:\/\/pel-tuote.fi\/de\/treffen-sie-kivi-pekka-und-tume-auf-der-agritechnica-2025\/","name":"Treffen Sie Kivi-Pekka und Tume auf der Agritechnica 2025! - PEL-tuote","isPartOf":{"@id":"https:\/\/pel-tuote.fi\/de\/#website"},"primaryImageOfPage":{"@id":"https:\/\/pel-tuote.fi\/de\/treffen-sie-kivi-pekka-und-tume-auf-der-agritechnica-2025\/#primaryimage"},"image":{"@id":"https:\/\/pel-tuote.fi\/de\/treffen-sie-kivi-pekka-und-tume-auf-der-agritechnica-2025\/#primaryimage"},"thumbnailUrl":"https:\/\/pel-tuote.fi\/wp-content\/uploads\/2020\/01\/424x159-px-AgriExpo-fair-2025.jpg","datePublished":"2025-10-21T12:12:31+00:00","dateModified":"2025-11-04T08:39:25+00:00","description":"Treffen Sie Kivi-Pekka und Tume auf der Agritechnica 2025!","inLanguage":"de","potentialAction":[{"@type":"ReadAction","target":["https:\/\/pel-tuote.fi\/de\/treffen-sie-kivi-pekka-und-tume-auf-der-agritechnica-2025\/"]}]},{"@type":"ImageObject","inLanguage":"de","@id":"https:\/\/pel-tuote.fi\/de\/treffen-sie-kivi-pekka-und-tume-auf-der-agritechnica-2025\/#primaryimage","url":"https:\/\/pel-tuote.fi\/wp-content\/uploads\/2020\/01\/424x159-px-AgriExpo-fair-2025.jpg","contentUrl":"https:\/\/pel-tuote.fi\/wp-content\/uploads\/2020\/01\/424x159-px-AgriExpo-fair-2025.jpg","width":1767,"height":663},{"@type":"WebSite","@id":"https:\/\/pel-tuote.fi\/de\/#website","url":"https:\/\/pel-tuote.fi\/de\/","name":"PEL-tuote","description":"Suomalaista osaamista Suomen kivisimmilt\u00e4 pelloilta","publisher":{"@id":"https:\/\/pel-tuote.fi\/de\/#organization"},"potentialAction":[{"@type":"SearchAction","target":{"@type":"EntryPoint","urlTemplate":"https:\/\/pel-tuote.fi\/de\/?s={search_term_string}"},"query-input":{"@type":"PropertyValueSpecification","valueRequired":true,"valueName":"search_term_string"}}],"inLanguage":"de"},{"@type":"Organization","@id":"https:\/\/pel-tuote.fi\/de\/#organization","name":"PEL-tuote","url":"https:\/\/pel-tuote.fi\/de\/","logo":{"@type":"ImageObject","inLanguage":"de","@id":"https:\/\/pel-tuote.fi\/de\/#\/schema\/logo\/image\/","url":"https:\/\/pel-tuote.fi\/wp-content\/uploads\/2019\/12\/cropped-nelio\u0308pel-1.jpg","contentUrl":"https:\/\/pel-tuote.fi\/wp-content\/uploads\/2019\/12\/cropped-nelio\u0308pel-1.jpg","width":649,"height":383,"caption":"PEL-tuote"},"image":{"@id":"https:\/\/pel-tuote.fi\/de\/#\/schema\/logo\/image\/"},"sameAs":["https:\/\/www.facebook.com\/peltuote","https:\/\/www.instagram.com\/peltuote\/","https:\/\/www.linkedin.com\/company\/12660711\/admin\/","https:\/\/www.youtube.com\/user\/PelTuote","https:\/\/fi.wikipedia.org\/wiki\/Kivenker\u00e4yskone"]},{"@type":"Person","@id":"https:\/\/pel-tuote.fi\/de\/#\/schema\/person\/8c441844b64e88c988b5c6d6544fcd94","name":"admin","image":{"@type":"ImageObject","inLanguage":"de","@id":"https:\/\/secure.gravatar.com\/avatar\/c552d719ee23b7cef8797cd118fe48cbd3145ad5a60b8daa6875e3893dc880c3?s=96&d=mm&r=g","url":"https:\/\/secure.gravatar.com\/avatar\/c552d719ee23b7cef8797cd118fe48cbd3145ad5a60b8daa6875e3893dc880c3?s=96&d=mm&r=g","contentUrl":"https:\/\/secure.gravatar.com\/avatar\/c552d719ee23b7cef8797cd118fe48cbd3145ad5a60b8daa6875e3893dc880c3?s=96&d=mm&r=g","caption":"admin"},"url":"https:\/\/pel-tuote.fi\/de\/author\/peltuo_admin\/"}]}},"_links":{"self":[{"href":"https:\/\/pel-tuote.fi\/de\/wp-json\/wp\/v2\/posts\/30782","targetHints":{"allow":["GET"]}}],"collection":[{"href":"https:\/\/pel-tuote.fi\/de\/wp-json\/wp\/v2\/posts"}],"about":[{"href":"https:\/\/pel-tuote.fi\/de\/wp-json\/wp\/v2\/types\/post"}],"author":[{"embeddable":true,"href":"https:\/\/pel-tuote.fi\/de\/wp-json\/wp\/v2\/users\/1"}],"replies":[{"embeddable":true,"href":"https:\/\/pel-tuote.fi\/de\/wp-json\/wp\/v2\/comments?post=30782"}],"version-history":[{"count":1,"href":"https:\/\/pel-tuote.fi\/de\/wp-json\/wp\/v2\/posts\/30782\/revisions"}],"predecessor-version":[{"id":30783,"href":"https:\/\/pel-tuote.fi\/de\/wp-json\/wp\/v2\/posts\/30782\/revisions\/30783"}],"wp:featuredmedia":[{"embeddable":true,"href":"https:\/\/pel-tuote.fi\/de\/wp-json\/wp\/v2\/media\/30886"}],"wp:attachment":[{"href":"https:\/\/pel-tuote.fi\/de\/wp-json\/wp\/v2\/media?parent=30782"}],"wp:term":[{"taxonomy":"category","embeddable":true,"href":"https:\/\/pel-tuote.fi\/de\/wp-json\/wp\/v2\/categories?post=30782"},{"taxonomy":"post_tag","embeddable":true,"href":"https:\/\/pel-tuote.fi\/de\/wp-json\/wp\/v2\/tags?post=30782"}],"curies":[{"name":"wp","href":"https:\/\/api.w.org\/{rel}","templated":true}]}}